{"id":30449,"date":"2026-04-14T10:15:09","date_gmt":"2026-04-14T10:15:09","guid":{"rendered":"https:\/\/www.sheskillzglobal.com\/?p=30449"},"modified":"2026-04-16T10:24:30","modified_gmt":"2026-04-16T10:24:30","slug":"anja-ilic-inspirierende-serbische-skilanglauferin-bei-den-olympischen-winterspielen-2026","status":"publish","type":"post","link":"http:\/\/3.65.75.14\/de\/anja-ilic-inspirierende-serbische-skilanglauferin-bei-den-olympischen-winterspielen-2026\/","title":{"rendered":"\u00dcben f\u00fcr den Auftritt"},"content":{"rendered":"\t\t<div data-elementor-type=\"wp-post\" data-elementor-id=\"30449\" class=\"elementor elementor-30449 elementor-30448\">\n\t\t\t\t\t\t\t\t\t<section class=\"elementor-section elementor-top-section elementor-element elementor-element-76834b4 elementor-section-boxed elementor-section-height-default elementor-section-height-default\" data-id=\"76834b4\" data-element_type=\"section\">\n\t\t\t\t\t\t<div class=\"elementor-container elementor-column-gap-default\">\n\t\t\t\t\t<div class=\"elementor-column elementor-col-100 elementor-top-column elementor-element elementor-element-75d1318\" data-id=\"75d1318\" data-element_type=\"column\">\n\t\t\t<div class=\"elementor-widget-wrap elementor-element-populated\">\n\t\t\t\t\t\t\t\t<div class=\"elementor-element elementor-element-a954768 elementor-widget elementor-widget-text-editor\" data-id=\"a954768\" data-element_type=\"widget\" data-widget_type=\"text-editor.default\">\n\t\t\t\t<div class=\"elementor-widget-container\">\n\t\t\t\t\t\t\t<h4 id=\"tw-target-text\" class=\"tw-data-text tw-text-large tw-ta\" dir=\"ltr\" tabindex=\"-1\" role=\"text\" data-placeholder=\"Translation\" data-ved=\"2ahUKEwiZof3_8PGTAxWURmwGHTUuCp0Q3ewLegQIDBAV\" aria-label=\"Translated text: Mentaltraining in Sport und Wirtschaft\"><strong><span class=\"Y2IQFc\" lang=\"de\">Mentaltraining in Sport und Wirtschaft<\/span><\/strong><\/h4><p>Was w\u00e4re, wenn die wichtigste Vorbereitung bereits in Ihrem Kopf beginnt \u2013 lange bevor Sie den Konferenzraum oder das Meeting mit Ihren Mitarbeitern betreten?!<\/p><p>Als Olympionike bereitete ich mich fast ein ganzes Jahr lang mithilfe von Mentaltraining darauf vor, den Anforderungen und dem Stress in der Wettkampfsituation gewachsen zu sein. In Zusammenarbeit mit einem Mentaltrainer entwickelte ich Strategien und Denkweisen, die es mir erm\u00f6glichten, H\u00f6chstleistungen abzurufen. Ich wurde darin geschult zu erkennen, was in meinem K\u00f6rper und Geist vor sich geht, und entsprechende L\u00f6sungen zu finden.<\/p>\t\t\t\t\t\t<\/div>\n\t\t\t\t<\/div>\n\t\t\t\t<div class=\"elementor-element elementor-element-a4debe6 elementor-widget elementor-widget-image\" data-id=\"a4debe6\" data-element_type=\"widget\" data-widget_type=\"image.default\">\n\t\t\t\t<div class=\"elementor-widget-container\">\n\t\t\t\t\t\t\t\t\t\t\t\t\t\t\t<img decoding=\"async\" src=\"http:\/\/3.65.75.14\/wp-content\/uploads\/elementor\/thumbs\/8-2-rm2zg5j98ej6m5hjjv3tyidf8x19s867eon4w9tcbk.png\" title=\"8.png\" alt=\"8.png\" loading=\"lazy\" \/>\t\t\t\t\t\t\t\t\t\t\t\t\t\t\t<\/div>\n\t\t\t\t<\/div>\n\t\t\t\t<div class=\"elementor-element elementor-element-553e36d elementor-widget elementor-widget-heading\" data-id=\"553e36d\" data-element_type=\"widget\" data-widget_type=\"heading.default\">\n\t\t\t\t<div class=\"elementor-widget-container\">\n\t\t\t<p class=\"elementor-heading-title elementor-size-default\">\u00a9Private photo: Anne Grethe, Board Chair & Sports Coach<\/p>\t\t<\/div>\n\t\t\t\t<\/div>\n\t\t\t\t<div class=\"elementor-element elementor-element-fbefee3 elementor-widget elementor-widget-text-editor\" data-id=\"fbefee3\" data-element_type=\"widget\" data-widget_type=\"text-editor.default\">\n\t\t\t\t<div class=\"elementor-widget-container\">\n\t\t\t\t\t\t\t<p>Im Laufe der Zeit erlebte ich, wie mentales Training meine Resilienz st\u00e4rkte, meine Emotionen regulierte und die Entwicklung positiver Gewohnheiten unterst\u00fctzte. Lassen Sie mich dies etwas n\u00e4her erl\u00e4utern.<\/p><h2>Warum mentales Training?<\/h2><p>Mithilfe von mentalem Training k\u00f6nnen wir jene innere Erregung bew\u00e4ltigen, die auftritt, wenn man vor oder w\u00e4hrend eines Meetings \u2013 oder in anderen Situationen mit wahrgenommenem Druck \u2013 emotionales Unbehagen (oder starke Sorgen) empfindet. H\u00e4ufig ist diese Erregung bereits lange vor einer Wettbewerbssituation k\u00f6rperlich sp\u00fcrbar und \u00e4u\u00dfert sich in Spannungszust\u00e4nden und Stressreaktionen. Insbesondere dann, wenn sich diese Erregung und das Unbehagen negativ auf den Alltag und die Arbeit auswirken, kann es hilfreich sein, sich mit den Werkzeugen des mentalen Trainings vertraut zu machen.<\/p>\t\t\t\t\t\t<\/div>\n\t\t\t\t<\/div>\n\t\t\t\t<div class=\"elementor-element elementor-element-146d4d2 elementor-widget elementor-widget-image\" data-id=\"146d4d2\" data-element_type=\"widget\" data-widget_type=\"image.default\">\n\t\t\t\t<div class=\"elementor-widget-container\">\n\t\t\t\t\t\t\t\t\t\t\t\t\t\t\t<img decoding=\"async\" src=\"http:\/\/3.65.75.14\/wp-content\/uploads\/elementor\/thumbs\/9-1-rm2zg8crbd44ntpdq6rrpamgdtw7730ei9gtnrlad4.png\" title=\"9.png\" alt=\"9.png\" loading=\"lazy\" \/>\t\t\t\t\t\t\t\t\t\t\t\t\t\t\t<\/div>\n\t\t\t\t<\/div>\n\t\t\t\t<div class=\"elementor-element elementor-element-47cb4f0 elementor-widget elementor-widget-heading\" data-id=\"47cb4f0\" data-element_type=\"widget\" data-widget_type=\"heading.default\">\n\t\t\t\t<div class=\"elementor-widget-container\">\n\t\t\t<p class=\"elementor-heading-title elementor-size-default\">\u00a9Canva photo<\/p>\t\t<\/div>\n\t\t\t\t<\/div>\n\t\t\t\t<div class=\"elementor-element elementor-element-586fac5 elementor-widget elementor-widget-text-editor\" data-id=\"586fac5\" data-element_type=\"widget\" data-widget_type=\"text-editor.default\">\n\t\t\t\t<div class=\"elementor-widget-container\">\n\t\t\t\t\t\t\t<h2>Was ist Mentaltraining?<\/h2><p>Mentaltraining ist die systematische Arbeit mit Gedanken, Gef\u00fchlen und Einstellungen. Es bedeutet, zu \u00fcben, klarer zu denken, Gef\u00fchle zu steuern und Achtsamkeit zu entwickeln. Wenn Sie diese F\u00e4higkeiten besser beherrschen, wird es m\u00f6glich, mit Stress umzugehen und schwierige Situationen zu bew\u00e4ltigen.<\/p><p>Mentaltraining formt nicht nur Gedanken und Emotionen, sondern beeinflusst aktiv die Struktur und Funktion des Gehirns. Wenn Sie Techniken wie Visualisierung oder Aufmerksamkeitstraining anwenden, werden spezifische neuronale Bahnen aktiviert und gest\u00e4rkt \u2013 ein Prozess, der als Neuroplastizit\u00e4t bezeichnet wird. Regionen wie der pr\u00e4frontale Kortex (zust\u00e4ndig f\u00fcr Planung und Entscheidungsfindung), der Hippocampus (verkn\u00fcpft mit dem Ged\u00e4chtnis) und die Amygdala (verbunden mit der Emotionsregulation) arbeiten dabei oft effizienter und sind st\u00e4rker miteinander vernetzt.<\/p><h2>Wie \u00fcbt man?<\/h2><p>Vereinfachen wir das Training auf vier grundlegende Techniken: Strategien zur Zielsetzung, Entspannungstechniken, positives Selbstgespr\u00e4ch und Visualisierung.<\/p><h4>\u2013 Zielsetzung.<\/h4><p>Wir ben\u00f6tigen Achtsamkeit, wenn es um die Wahl unserer Ziele, Vorgaben und Aufgaben geht. Die Einbeziehung nicht nur von Ergebnis-Zielen (Resultate, Zahlen), sondern auch von Prozess- und Leistungsaufgaben verleiht der F\u00e4higkeit, im Moment pr\u00e4sent zu bleiben und gute Leistungen zu erbringen, eine zus\u00e4tzliche Dimension. In leistungsorientierten Kulturen ist der Anspruch an die pers\u00f6nliche Weiterentwicklung oft sehr hoch; als Individuen m\u00fcssen wir jedoch auch auf unsere Gesundheit achten. Dies gelingt uns, indem wir uns auch f\u00fcr unsere Ruhe- und Erholungsphasen Ziele setzen \u2013 oder uns f\u00fcr konkrete Situationen, wie etwa ein Meeting, spezifische k\u00f6rperbezogene Aufgaben vornehmen. Beispiele hierf\u00fcr k\u00f6nnten lauten: \u201eIch achte vor und nach \u2026 auf meine Bauchatmung\u201c oder \u201eIch sp\u00fcre meine F\u00fc\u00dfe fest auf dem Boden, bevor ich zu sprechen beginne\u201c. Es geht darum, kleine Aufgaben zu definieren, die eine gro\u00dfe positive Auswirkung auf unseren Alltag haben.<\/p>\t\t\t\t\t\t<\/div>\n\t\t\t\t<\/div>\n\t\t\t\t<div class=\"elementor-element elementor-element-2976c04 elementor-widget elementor-widget-image\" data-id=\"2976c04\" data-element_type=\"widget\" data-widget_type=\"image.default\">\n\t\t\t\t<div class=\"elementor-widget-container\">\n\t\t\t\t\t\t\t\t\t\t\t\t\t\t\t<img decoding=\"async\" src=\"http:\/\/3.65.75.14\/wp-content\/uploads\/elementor\/thumbs\/10-1-rm2zgc442p99y9jx48e9z9oarddo1vfbus2rkvfpo8.png\" title=\"10.png\" alt=\"10.png\" loading=\"lazy\" \/>\t\t\t\t\t\t\t\t\t\t\t\t\t\t\t<\/div>\n\t\t\t\t<\/div>\n\t\t\t\t<div class=\"elementor-element elementor-element-ca40a60 elementor-widget elementor-widget-heading\" data-id=\"ca40a60\" data-element_type=\"widget\" data-widget_type=\"heading.default\">\n\t\t\t\t<div class=\"elementor-widget-container\">\n\t\t\t<p class=\"elementor-heading-title elementor-size-default\">\u00a9Canva photo<\/p>\t\t<\/div>\n\t\t\t\t<\/div>\n\t\t\t\t<div class=\"elementor-element elementor-element-207526f elementor-widget elementor-widget-text-editor\" data-id=\"207526f\" data-element_type=\"widget\" data-widget_type=\"text-editor.default\">\n\t\t\t\t<div class=\"elementor-widget-container\">\n\t\t\t\t\t\t\t<h4>\u2013 Entspannung<\/h4><p>Im Sport bringen wir den Athleten bei, sich auch in anspruchsvollen Situationen entspannen zu k\u00f6nnen oder ein Bewusstsein f\u00fcr den eigenen K\u00f6rper zu entwickeln, um eine bestimmte, sportspezifische Technik ausf\u00fchren zu k\u00f6nnen. Wir k\u00f6nnen Fragen nutzen wie: \u201eIst mein Gesicht entspannt?\u201c oder \u201eSind meine Schultern in der richtigen Position?\u201c, um die Aufmerksamkeit vom Kopf auf den K\u00f6rper zu lenken. Dies kann in vielen Situationen den entscheidenden Unterschied ausmachen.<\/p><p>Der Unterschied ist gewaltig: Bei der Brustatmung wirke ich wom\u00f6glich gestresst oder gerate noch st\u00e4rker unter Stress (mehr Cortisol, h\u00f6herer Puls), w\u00e4hrend die Bauchatmung mich erden und entspannen kann.<\/p><p>Mir kommt eine Erinnerung in den Sinn: Als ich bei den Olympischen Spielen meinen ersten Wettkampf bestritt, nutzte ich vor Beginn des Matches mindestens zweimal ein Entspannungsprogramm. Auf der Busfahrt zur Wettkampfst\u00e4tte an jenem Morgen hatte ich die Kl\u00e4nge dieses Entspannungsprogramms noch immer im Ohr. Es tr\u00f6stete meine Seele, entspannte meine Muskulatur und begleitete mich noch lange w\u00e4hrend des Wettkampfs. So wurde es ein erfolgreiches Erlebnis.<\/p><p>Die Nutzung von Musik oder Meditations-Apps ist hilfreich; man kann jedoch auch die \u201eprogressive Entspannung\u201c erlernen. Hierbei handelt es sich um eine zwar recht alte, aber sehr ausgereifte Technik. Informieren Sie sich dar\u00fcber, wenn Sie die Methode von Grund auf erlernen m\u00f6chten. Eine weitere M\u00f6glichkeit besteht darin, einen guten Yogalehrer zu suchen. Im Yoga k\u00f6nnen wir erforschen, wie die Atmung zur Entspannung beitr\u00e4gt und wie sie eine Situation positiv ver\u00e4ndern kann.<\/p><h4>\u2013 Innerer Dialog und strategische Selbstgespr\u00e4che.<\/h4><p>Der innere Dialog ist eine bew\u00e4hrte Methode der Gedankenf\u00fchrung, deren Ziel es ist, einen klaren Fokus zu wahren sowie gew\u00e4hlten Denkstrategien und Pl\u00e4nen zu folgen. Wir streben dabei einen positiven Fokus und ein positives Gef\u00fchl an.<\/p><p>Ein positiver innerer Dialog \u2013 im Gegensatz zu einem negativen \u2013 erzeugt v\u00f6llig andere Gef\u00fchle. Wenn wir von inneren Gespr\u00e4chen sprechen, meinen wir damit positive innere S\u00e4tze, Schl\u00fcsselw\u00f6rter oder Affirmationen (sogenannte Unterst\u00fctzungss\u00e4tze).<\/p><p>Unterst\u00fctzungss\u00e4tze sind S\u00e4tze, die den Fokus b\u00fcndeln und die Gedanken steuern. Wenn Sie eigene S\u00e4tze entwickeln m\u00f6chten, sollten diese stets pers\u00f6nlich, positiv und in der Gegenwartsform formuliert sein. Ein Beispiel: \u201eIch bin bestens vorbereitet und stehe fest und stark da!\u201c<\/p><p>Ein Beispiel f\u00fcr einen inneren Dialog: Zun\u00e4chst eine eher negative Variante \u2013 \u201eMein Puls rast, das wird bestimmt schiefgehen.\u201c Eine weitaus bessere Alternative lautet: \u201eIch habe jede Menge Energie und Motivation; ich bin voll fokussiert und bereit, jetzt loszulegen.\u201c<\/p><h4>\u2013 Visualisierung<\/h4><p>Unter Visualisierung versteht man das Erzeugen innerer Bilder, um sich auf stressige oder anspruchsvolle Situationen vorzubereiten und den Umgang mit ihnen zu erlernen.<\/p><p>Es handelt sich um ein wirkungsvolles Instrument, mit dem Sie Handlungsabl\u00e4ufe mental durchspielen und sich dabei vorstellen k\u00f6nnen, wie Sie diese fehlerfrei ausf\u00fchren. Diese Technik st\u00e4rkt neuronale Verbindungen und unterst\u00fctzt Gehirn und K\u00f6rper dabei, sich auf die tats\u00e4chliche Leistungserbringung einzustimmen.<\/p><p>Wenn Sie visualisieren, erschaffen Sie innere Bilder von Situationen, Handlungen oder Ergebnissen, die Sie in die Realit\u00e4t umsetzen m\u00f6chten. \u201eWas du siehst, ist das, was du bekommst\u201c \u2013 dieser bekannte Ausspruch beschreibt treffend das Ergebnis dieses Trainings. Wenn Sie sich Fehlschl\u00e4ge und Misserfolge ausmalen, ist es wahrscheinlicher, dass genau dies eintritt. Wenn Sie sich hingegen vorstellen, auf der B\u00fchne oder im Konferenzraum eine hervorragende Leistung abzuliefern \u2013 ja, dann wird Sie dieser Gedanke auch genau dorthin f\u00fchren.<\/p><p>Visualisierung kann Ihnen zudem dabei helfen, negative Gedanken und \u00c4ngste abzulegen, indem Sie diese durch konstruktive und zielgerichtete Bilder ersetzen. Seien Sie sich jedoch bewusst: Eine kurze Sitzung auf dem Sofa im Halbschlaf gen\u00fcgt hierf\u00fcr nicht. Es ist unerl\u00e4sslich, konstruktiv und zielbewusst mit den angestrebten Bildern zu arbeiten \u2013 idealerweise t\u00e4glich und \u00fcber einen Zeitraum von mehreren Monaten hinweg.<\/p><h2>Zusammenfassung<\/h2><p>Wettk\u00e4mpfe und das Leistungsumfeld sind mitunter anspruchsvoll; doch wenn es einmal wirklich hart auf hart kommt, sollten wir uns stets vor Augen f\u00fchren: Das Leben ist eine Lernarena! Durch unsere Erfahrungen \u00fcben wir uns darin, Herausforderungen, zeitliche Vorgaben und Widrigkeiten immer besser zu bew\u00e4ltigen. Um den Fokus zu wahren und Freude an der Sache zu finden, ist es hilfreich, Teil einer gesunden Kultur zu sein \u2013 einer Gemeinschaft, in der man sich bei Bedarf auf andere st\u00fctzen kann.<\/p><p>Ein Leben im Sport oder in der Wirtschaft verl\u00e4uft f\u00fcr jeden Menschen anders. Mangelndes Selbstvertrauen und pr\u00e4gende Lebenserfahrungen k\u00f6nnen es erschweren, dauerhaft in diesem Umfeld zu bestehen. Zudem wissen wir, wie anspruchsvoll es ist, auf dem schmalen Grat dessen zu balancieren, was \u00fcberhaupt leistbar ist. Unerkl\u00e4rliche Phasen der Stagnation oder Leistungseinbr\u00fcche k\u00f6nnen jederzeit auftreten \u2013 und stellen f\u00fcr F\u00fchrungskr\u00e4fte, Mitarbeiter, Trainer und Athleten gleicherma\u00dfen eine Herausforderung dar.<\/p><p>Eine bewusste Pr\u00e4senz \u2013 gef\u00f6rdert durch mentales Training \u2013 steigert nicht nur unser eigenes Wohlbefinden, sondern wirkt sich auch positiv auf unser Umfeld aus und schafft so eine ruhigere, st\u00e4rker vernetzte Atmosph\u00e4re.<\/p><p>Alles Gute f\u00fcr Ihren weiteren Weg!<\/p><p>Anne<\/p>\t\t\t\t\t\t<\/div>\n\t\t\t\t<\/div>\n\t\t\t\t\t<\/div>\n\t\t<\/div>\n\t\t\t\t\t\t\t<\/div>\n\t\t<\/section>\n\t\t\t\t\t\t\t<\/div>\n\t\t","protected":false},"excerpt":{"rendered":"<p>Mentaltraining in Sport und Wirtschaft.<br \/>\nWas w\u00e4re, wenn die wichtigste Vorbereitung bereits in Ihrem Kopf beginnt \u2013 lange bevor Sie den Konferenzraum oder das Meeting mit Ihren Mitarbeitern betreten?!<\/p>\n","protected":false},"author":63,"featured_media":30453,"comment_status":"open","ping_status":"open","sticky":false,"template":"","format":"standard","meta":{"_acf_changed":false,"inline_featured_image":false,"footnotes":""},"categories":[88],"tags":[],"acf":{"minimum_read":"8 Minuten"},"yoast_head":"<!-- This site is optimized with the Yoast SEO plugin v22.5 - https:\/\/yoast.com\/wordpress\/plugins\/seo\/ -->\n<title>\u00dcben f\u00fcr den Auftritt - SheSkillzGlobal<\/title>\n<meta name=\"robots\" content=\"index, follow, max-snippet:-1, max-image-preview:large, max-video-preview:-1\" \/>\n<link rel=\"canonical\" href=\"http:\/\/3.65.75.14\/de\/anja-ilic-inspirierende-serbische-skilanglauferin-bei-den-olympischen-winterspielen-2026\/\" \/>\n<meta property=\"og:locale\" content=\"de_DE\" \/>\n<meta property=\"og:type\" content=\"article\" \/>\n<meta property=\"og:title\" content=\"\u00dcben f\u00fcr den Auftritt - SheSkillzGlobal\" \/>\n<meta property=\"og:description\" content=\"Mentaltraining in Sport und Wirtschaft. Was w\u00e4re, wenn die wichtigste Vorbereitung bereits in Ihrem Kopf beginnt \u2013 lange bevor Sie den Konferenzraum oder das Meeting mit Ihren Mitarbeitern betreten?!\" \/>\n<meta property=\"og:url\" content=\"http:\/\/3.65.75.14\/de\/anja-ilic-inspirierende-serbische-skilanglauferin-bei-den-olympischen-winterspielen-2026\/\" \/>\n<meta property=\"og:site_name\" content=\"SheSkillzGlobal\" \/>\n<meta property=\"article:published_time\" content=\"2026-04-14T10:15:09+00:00\" \/>\n<meta property=\"article:modified_time\" content=\"2026-04-16T10:24:30+00:00\" \/>\n<meta property=\"og:image\" content=\"https:\/\/www.sheskillzglobal.com\/wp-content\/uploads\/2026\/04\/anne-grethe-cover-.jpg\" \/>\n\t<meta property=\"og:image:width\" content=\"1920\" \/>\n\t<meta property=\"og:image:height\" content=\"1080\" \/>\n\t<meta property=\"og:image:type\" content=\"image\/jpeg\" \/>\n<meta name=\"author\" content=\"Anne Grethe Jeppesen\" \/>\n<meta name=\"twitter:card\" content=\"summary_large_image\" \/>\n<meta name=\"twitter:label1\" content=\"Verfasst von\" \/>\n\t<meta name=\"twitter:data1\" content=\"Anne Grethe Jeppesen\" \/>\n\t<meta name=\"twitter:label2\" content=\"Gesch\u00e4tzte Lesezeit\" \/>\n\t<meta name=\"twitter:data2\" content=\"8\u00a0Minuten\" \/>\n<script type=\"application\/ld+json\" class=\"yoast-schema-graph\">{\"@context\":\"https:\/\/schema.org\",\"@graph\":[{\"@type\":\"WebPage\",\"@id\":\"http:\/\/3.65.75.14\/de\/anja-ilic-inspirierende-serbische-skilanglauferin-bei-den-olympischen-winterspielen-2026\/\",\"url\":\"http:\/\/3.65.75.14\/de\/anja-ilic-inspirierende-serbische-skilanglauferin-bei-den-olympischen-winterspielen-2026\/\",\"name\":\"\u00dcben f\u00fcr den Auftritt - SheSkillzGlobal\",\"isPartOf\":{\"@id\":\"https:\/\/www.sheskillzglobal.com\/#website\"},\"primaryImageOfPage\":{\"@id\":\"http:\/\/3.65.75.14\/de\/anja-ilic-inspirierende-serbische-skilanglauferin-bei-den-olympischen-winterspielen-2026\/#primaryimage\"},\"image\":{\"@id\":\"http:\/\/3.65.75.14\/de\/anja-ilic-inspirierende-serbische-skilanglauferin-bei-den-olympischen-winterspielen-2026\/#primaryimage\"},\"thumbnailUrl\":\"http:\/\/3.65.75.14\/wp-content\/uploads\/2026\/04\/anne-grethe-cover-.jpg\",\"datePublished\":\"2026-04-14T10:15:09+00:00\",\"dateModified\":\"2026-04-16T10:24:30+00:00\",\"author\":{\"@id\":\"https:\/\/www.sheskillzglobal.com\/#\/schema\/person\/fb4d4a76f77139e6cafb9bb6ff05b88d\"},\"breadcrumb\":{\"@id\":\"http:\/\/3.65.75.14\/de\/anja-ilic-inspirierende-serbische-skilanglauferin-bei-den-olympischen-winterspielen-2026\/#breadcrumb\"},\"inLanguage\":\"de\",\"potentialAction\":[{\"@type\":\"ReadAction\",\"target\":[\"http:\/\/3.65.75.14\/de\/anja-ilic-inspirierende-serbische-skilanglauferin-bei-den-olympischen-winterspielen-2026\/\"]}]},{\"@type\":\"ImageObject\",\"inLanguage\":\"de\",\"@id\":\"http:\/\/3.65.75.14\/de\/anja-ilic-inspirierende-serbische-skilanglauferin-bei-den-olympischen-winterspielen-2026\/#primaryimage\",\"url\":\"http:\/\/3.65.75.14\/wp-content\/uploads\/2026\/04\/anne-grethe-cover-.jpg\",\"contentUrl\":\"http:\/\/3.65.75.14\/wp-content\/uploads\/2026\/04\/anne-grethe-cover-.jpg\",\"width\":1920,\"height\":1080,\"caption\":\"\u00a9 PHOTO: Private Photo\"},{\"@type\":\"BreadcrumbList\",\"@id\":\"http:\/\/3.65.75.14\/de\/anja-ilic-inspirierende-serbische-skilanglauferin-bei-den-olympischen-winterspielen-2026\/#breadcrumb\",\"itemListElement\":[{\"@type\":\"ListItem\",\"position\":1,\"name\":\"Home\",\"item\":\"https:\/\/www.sheskillzglobal.com\/de\/\"},{\"@type\":\"ListItem\",\"position\":2,\"name\":\"\u00dcben f\u00fcr den Auftritt\"}]},{\"@type\":\"WebSite\",\"@id\":\"https:\/\/www.sheskillzglobal.com\/#website\",\"url\":\"https:\/\/www.sheskillzglobal.com\/\",\"name\":\"SheSkillzGlobal\",\"description\":\"Owned by Johnsenskillz AG\",\"potentialAction\":[{\"@type\":\"SearchAction\",\"target\":{\"@type\":\"EntryPoint\",\"urlTemplate\":\"https:\/\/www.sheskillzglobal.com\/?s={search_term_string}\"},\"query-input\":\"required name=search_term_string\"}],\"inLanguage\":\"de\"},{\"@type\":\"Person\",\"@id\":\"https:\/\/www.sheskillzglobal.com\/#\/schema\/person\/fb4d4a76f77139e6cafb9bb6ff05b88d\",\"name\":\"Anne Grethe Jeppesen\",\"image\":{\"@type\":\"ImageObject\",\"inLanguage\":\"de\",\"@id\":\"https:\/\/www.sheskillzglobal.com\/#\/schema\/person\/image\/\",\"url\":\"http:\/\/www.sheskillzglobal.com\/wp-content\/uploads\/2026\/04\/8-1.png\",\"contentUrl\":\"http:\/\/www.sheskillzglobal.com\/wp-content\/uploads\/2026\/04\/8-1.png\",\"caption\":\"Anne Grethe Jeppesen\"},\"description\":\"Board Chair &amp; Sports Coach, SheSkillz Global Mentor\",\"url\":\"http:\/\/3.65.75.14\/de\/author\/anne-grethe-jeppesen\/\"}]}<\/script>\n<!-- \/ Yoast SEO plugin. -->","yoast_head_json":{"title":"\u00dcben f\u00fcr den Auftritt - SheSkillzGlobal","robots":{"index":"index","follow":"follow","max-snippet":"max-snippet:-1","max-image-preview":"max-image-preview:large","max-video-preview":"max-video-preview:-1"},"canonical":"http:\/\/3.65.75.14\/de\/anja-ilic-inspirierende-serbische-skilanglauferin-bei-den-olympischen-winterspielen-2026\/","og_locale":"de_DE","og_type":"article","og_title":"\u00dcben f\u00fcr den Auftritt - SheSkillzGlobal","og_description":"Mentaltraining in Sport und Wirtschaft. Was w\u00e4re, wenn die wichtigste Vorbereitung bereits in Ihrem Kopf beginnt \u2013 lange bevor Sie den Konferenzraum oder das Meeting mit Ihren Mitarbeitern betreten?!","og_url":"http:\/\/3.65.75.14\/de\/anja-ilic-inspirierende-serbische-skilanglauferin-bei-den-olympischen-winterspielen-2026\/","og_site_name":"SheSkillzGlobal","article_published_time":"2026-04-14T10:15:09+00:00","article_modified_time":"2026-04-16T10:24:30+00:00","og_image":[{"width":1920,"height":1080,"url":"https:\/\/www.sheskillzglobal.com\/wp-content\/uploads\/2026\/04\/anne-grethe-cover-.jpg","type":"image\/jpeg"}],"author":"Anne Grethe Jeppesen","twitter_card":"summary_large_image","twitter_misc":{"Verfasst von":"Anne Grethe Jeppesen","Gesch\u00e4tzte Lesezeit":"8\u00a0Minuten"},"schema":{"@context":"https:\/\/schema.org","@graph":[{"@type":"WebPage","@id":"http:\/\/3.65.75.14\/de\/anja-ilic-inspirierende-serbische-skilanglauferin-bei-den-olympischen-winterspielen-2026\/","url":"http:\/\/3.65.75.14\/de\/anja-ilic-inspirierende-serbische-skilanglauferin-bei-den-olympischen-winterspielen-2026\/","name":"\u00dcben f\u00fcr den Auftritt - SheSkillzGlobal","isPartOf":{"@id":"https:\/\/www.sheskillzglobal.com\/#website"},"primaryImageOfPage":{"@id":"http:\/\/3.65.75.14\/de\/anja-ilic-inspirierende-serbische-skilanglauferin-bei-den-olympischen-winterspielen-2026\/#primaryimage"},"image":{"@id":"http:\/\/3.65.75.14\/de\/anja-ilic-inspirierende-serbische-skilanglauferin-bei-den-olympischen-winterspielen-2026\/#primaryimage"},"thumbnailUrl":"http:\/\/3.65.75.14\/wp-content\/uploads\/2026\/04\/anne-grethe-cover-.jpg","datePublished":"2026-04-14T10:15:09+00:00","dateModified":"2026-04-16T10:24:30+00:00","author":{"@id":"https:\/\/www.sheskillzglobal.com\/#\/schema\/person\/fb4d4a76f77139e6cafb9bb6ff05b88d"},"breadcrumb":{"@id":"http:\/\/3.65.75.14\/de\/anja-ilic-inspirierende-serbische-skilanglauferin-bei-den-olympischen-winterspielen-2026\/#breadcrumb"},"inLanguage":"de","potentialAction":[{"@type":"ReadAction","target":["http:\/\/3.65.75.14\/de\/anja-ilic-inspirierende-serbische-skilanglauferin-bei-den-olympischen-winterspielen-2026\/"]}]},{"@type":"ImageObject","inLanguage":"de","@id":"http:\/\/3.65.75.14\/de\/anja-ilic-inspirierende-serbische-skilanglauferin-bei-den-olympischen-winterspielen-2026\/#primaryimage","url":"http:\/\/3.65.75.14\/wp-content\/uploads\/2026\/04\/anne-grethe-cover-.jpg","contentUrl":"http:\/\/3.65.75.14\/wp-content\/uploads\/2026\/04\/anne-grethe-cover-.jpg","width":1920,"height":1080,"caption":"\u00a9 PHOTO: Private Photo"},{"@type":"BreadcrumbList","@id":"http:\/\/3.65.75.14\/de\/anja-ilic-inspirierende-serbische-skilanglauferin-bei-den-olympischen-winterspielen-2026\/#breadcrumb","itemListElement":[{"@type":"ListItem","position":1,"name":"Home","item":"https:\/\/www.sheskillzglobal.com\/de\/"},{"@type":"ListItem","position":2,"name":"\u00dcben f\u00fcr den Auftritt"}]},{"@type":"WebSite","@id":"https:\/\/www.sheskillzglobal.com\/#website","url":"https:\/\/www.sheskillzglobal.com\/","name":"SheSkillzGlobal","description":"Owned by Johnsenskillz AG","potentialAction":[{"@type":"SearchAction","target":{"@type":"EntryPoint","urlTemplate":"https:\/\/www.sheskillzglobal.com\/?s={search_term_string}"},"query-input":"required name=search_term_string"}],"inLanguage":"de"},{"@type":"Person","@id":"https:\/\/www.sheskillzglobal.com\/#\/schema\/person\/fb4d4a76f77139e6cafb9bb6ff05b88d","name":"Anne Grethe Jeppesen","image":{"@type":"ImageObject","inLanguage":"de","@id":"https:\/\/www.sheskillzglobal.com\/#\/schema\/person\/image\/","url":"http:\/\/www.sheskillzglobal.com\/wp-content\/uploads\/2026\/04\/8-1.png","contentUrl":"http:\/\/www.sheskillzglobal.com\/wp-content\/uploads\/2026\/04\/8-1.png","caption":"Anne Grethe Jeppesen"},"description":"Board Chair &amp; Sports Coach, SheSkillz Global Mentor","url":"http:\/\/3.65.75.14\/de\/author\/anne-grethe-jeppesen\/"}]}},"wpml_translations":{"canonical_id":"118823","translations":{"de":{"id":"30449","slug":"anja-ilic-inspirierende-serbische-skilanglauferin-bei-den-olympischen-winterspielen-2026","link":"http:\/\/3.65.75.14\/de\/anja-ilic-inspirierende-serbische-skilanglauferin-bei-den-olympischen-winterspielen-2026\/"},"en":{"id":"30448","slug":"practice-to-perform","link":"http:\/\/3.65.75.14\/practice-to-perform\/"},"fr":{"id":"30450","slug":"anja-ilic-une-skieuse-de-fond-serbe-inspirante-aux-jeux-olympiques-dhiver-de-2026","link":"http:\/\/3.65.75.14\/fr\/anja-ilic-une-skieuse-de-fond-serbe-inspirante-aux-jeux-olympiques-dhiver-de-2026\/"}}},"_links":{"self":[{"href":"http:\/\/3.65.75.14\/de\/wp-json\/wp\/v2\/posts\/30449"}],"collection":[{"href":"http:\/\/3.65.75.14\/de\/wp-json\/wp\/v2\/posts"}],"about":[{"href":"http:\/\/3.65.75.14\/de\/wp-json\/wp\/v2\/types\/post"}],"author":[{"embeddable":true,"href":"http:\/\/3.65.75.14\/de\/wp-json\/wp\/v2\/users\/63"}],"replies":[{"embeddable":true,"href":"http:\/\/3.65.75.14\/de\/wp-json\/wp\/v2\/comments?post=30449"}],"version-history":[{"count":14,"href":"http:\/\/3.65.75.14\/de\/wp-json\/wp\/v2\/posts\/30449\/revisions"}],"predecessor-version":[{"id":30579,"href":"http:\/\/3.65.75.14\/de\/wp-json\/wp\/v2\/posts\/30449\/revisions\/30579"}],"wp:featuredmedia":[{"embeddable":true,"href":"http:\/\/3.65.75.14\/de\/wp-json\/wp\/v2\/media\/30453"}],"wp:attachment":[{"href":"http:\/\/3.65.75.14\/de\/wp-json\/wp\/v2\/media?parent=30449"}],"wp:term":[{"taxonomy":"category","embeddable":true,"href":"http:\/\/3.65.75.14\/de\/wp-json\/wp\/v2\/categories?post=30449"},{"taxonomy":"post_tag","embeddable":true,"href":"http:\/\/3.65.75.14\/de\/wp-json\/wp\/v2\/tags?post=30449"}],"curies":[{"name":"wp","href":"https:\/\/api.w.org\/{rel}","templated":true}]}}