{"id":30450,"date":"2026-04-14T10:15:09","date_gmt":"2026-04-14T10:15:09","guid":{"rendered":"https:\/\/www.sheskillzglobal.com\/?p=30450"},"modified":"2026-04-16T10:26:09","modified_gmt":"2026-04-16T10:26:09","slug":"anja-ilic-une-skieuse-de-fond-serbe-inspirante-aux-jeux-olympiques-dhiver-de-2026","status":"publish","type":"post","link":"http:\/\/3.65.75.14\/fr\/anja-ilic-une-skieuse-de-fond-serbe-inspirante-aux-jeux-olympiques-dhiver-de-2026\/","title":{"rendered":"S&#8217;entra\u00eener pour performer"},"content":{"rendered":"\t\t<div data-elementor-type=\"wp-post\" data-elementor-id=\"30450\" class=\"elementor elementor-30450 elementor-30448\">\n\t\t\t\t\t\t\t\t\t<section class=\"elementor-section elementor-top-section elementor-element elementor-element-66d117b elementor-section-boxed elementor-section-height-default elementor-section-height-default\" data-id=\"66d117b\" data-element_type=\"section\">\n\t\t\t\t\t\t<div class=\"elementor-container elementor-column-gap-default\">\n\t\t\t\t\t<div class=\"elementor-column elementor-col-100 elementor-top-column elementor-element elementor-element-1dda500\" data-id=\"1dda500\" data-element_type=\"column\">\n\t\t\t<div class=\"elementor-widget-wrap\">\n\t\t\t\t\t\t\t\t\t<\/div>\n\t\t<\/div>\n\t\t\t\t\t\t\t<\/div>\n\t\t<\/section>\n\t\t\t\t<section class=\"elementor-section elementor-top-section elementor-element elementor-element-3527462 elementor-section-boxed elementor-section-height-default elementor-section-height-default\" data-id=\"3527462\" data-element_type=\"section\">\n\t\t\t\t\t\t<div class=\"elementor-container elementor-column-gap-default\">\n\t\t\t\t\t<div class=\"elementor-column elementor-col-100 elementor-top-column elementor-element elementor-element-514b080\" data-id=\"514b080\" data-element_type=\"column\">\n\t\t\t<div class=\"elementor-widget-wrap elementor-element-populated\">\n\t\t\t\t\t\t\t\t<div class=\"elementor-element elementor-element-c7f23ee elementor-widget elementor-widget-text-editor\" data-id=\"c7f23ee\" data-element_type=\"widget\" data-widget_type=\"text-editor.default\">\n\t\t\t\t<div class=\"elementor-widget-container\">\n\t\t\t\t\t\t\t<h4>L&rsquo;entra\u00eenement mental dans le sport et les affaires.<\/h4><p>La pr\u00e9paration la plus importante \u2014 celle qui commence dans votre esprit \u2014 d\u00e9bute bien avant m\u00eame que vous ne franchissiez le seuil de la salle du conseil ou de la r\u00e9union avec vos collaborateurs !<\/p><p>En tant qu&rsquo;athl\u00e8te olympique, je me suis pr\u00e9par\u00e9 pendant pr\u00e8s d&rsquo;un an gr\u00e2ce \u00e0 un entra\u00eenement mental, afin d&rsquo;\u00eatre en mesure de faire face aux exigences et au stress inh\u00e9rents \u00e0 la comp\u00e9tition. En collaboration avec un pr\u00e9parateur mental, j&rsquo;ai \u00e9labor\u00e9 des strat\u00e9gies et cultiv\u00e9 des \u00e9tats d&rsquo;esprit qui m&rsquo;ont permis de r\u00e9aliser de bonnes performances. J&rsquo;ai \u00e9t\u00e9 form\u00e9 \u00e0 identifier ce qui se passait dans mon corps et dans mon esprit, et \u00e0 y apporter des solutions.<\/p>\t\t\t\t\t\t<\/div>\n\t\t\t\t<\/div>\n\t\t\t\t<div class=\"elementor-element elementor-element-6347cd4 elementor-widget elementor-widget-image\" data-id=\"6347cd4\" data-element_type=\"widget\" data-widget_type=\"image.default\">\n\t\t\t\t<div class=\"elementor-widget-container\">\n\t\t\t\t\t\t\t\t\t\t\t\t\t\t\t<img decoding=\"async\" src=\"http:\/\/3.65.75.14\/wp-content\/uploads\/elementor\/thumbs\/8-2-rm2zg5j98ej6m5hjjv3tyidf8x19s867eon4w9tcbk.png\" title=\"8.png\" alt=\"8.png\" loading=\"lazy\" \/>\t\t\t\t\t\t\t\t\t\t\t\t\t\t\t<\/div>\n\t\t\t\t<\/div>\n\t\t\t\t<div class=\"elementor-element elementor-element-e036326 elementor-widget elementor-widget-heading\" data-id=\"e036326\" data-element_type=\"widget\" data-widget_type=\"heading.default\">\n\t\t\t\t<div class=\"elementor-widget-container\">\n\t\t\t<p class=\"elementor-heading-title elementor-size-default\">\u00a9Private photo: Anne Grethe, Board Chair & Sports Coach<\/p>\t\t<\/div>\n\t\t\t\t<\/div>\n\t\t\t\t<div class=\"elementor-element elementor-element-4c05736 elementor-widget elementor-widget-text-editor\" data-id=\"4c05736\" data-element_type=\"widget\" data-widget_type=\"text-editor.default\">\n\t\t\t\t<div class=\"elementor-widget-container\">\n\t\t\t\t\t\t\t<p>Au fil du temps, j&rsquo;ai pu constater comment l&rsquo;entra\u00eenement mental a renforc\u00e9 ma r\u00e9silience, r\u00e9gul\u00e9 mes \u00e9motions et favoris\u00e9 l&rsquo;acquisition d&rsquo;habitudes positives. Laissez-moi vous en dire un peu plus.<\/p><h2>Pourquoi l&rsquo;entra\u00eenement mental ?<\/h2><p>Nous pouvons recourir \u00e0 l&rsquo;entra\u00eenement mental pour g\u00e9rer l&rsquo;\u00e9tat d&rsquo;activation physiologique qui survient lorsque l&rsquo;on \u00e9prouve un inconfort \u00e9motionnel (ou une vive inqui\u00e9tude) avant ou pendant une r\u00e9union, ou dans toute autre situation per\u00e7ue comme g\u00e9n\u00e9ratrice de pression. Souvent, cette activation peut se manifester physiquement bien avant m\u00eame la situation de comp\u00e9tition, sous forme de tensions et de r\u00e9actions de stress. Il peut s&rsquo;av\u00e9rer particuli\u00e8rement utile d&rsquo;explorer ces outils de pr\u00e9paration mentale lorsque cette activation et l&rsquo;inconfort qui l&rsquo;accompagne ont un impact n\u00e9gatif sur la vie quotidienne et le travail.<\/p>\t\t\t\t\t\t<\/div>\n\t\t\t\t<\/div>\n\t\t\t\t<div class=\"elementor-element elementor-element-d3c0703 elementor-widget elementor-widget-image\" data-id=\"d3c0703\" data-element_type=\"widget\" data-widget_type=\"image.default\">\n\t\t\t\t<div class=\"elementor-widget-container\">\n\t\t\t\t\t\t\t\t\t\t\t\t\t\t\t<img decoding=\"async\" src=\"http:\/\/3.65.75.14\/wp-content\/uploads\/elementor\/thumbs\/9-1-rm2zg8crbd44ntpdq6rrpamgdtw7730ei9gtnrlad4.png\" title=\"9.png\" alt=\"9.png\" loading=\"lazy\" \/>\t\t\t\t\t\t\t\t\t\t\t\t\t\t\t<\/div>\n\t\t\t\t<\/div>\n\t\t\t\t<div class=\"elementor-element elementor-element-3db9cd7 elementor-widget elementor-widget-heading\" data-id=\"3db9cd7\" data-element_type=\"widget\" data-widget_type=\"heading.default\">\n\t\t\t\t<div class=\"elementor-widget-container\">\n\t\t\t<p class=\"elementor-heading-title elementor-size-default\">\u00a9Canva photo<\/p>\t\t<\/div>\n\t\t\t\t<\/div>\n\t\t\t\t<div class=\"elementor-element elementor-element-d7e9c72 elementor-widget elementor-widget-text-editor\" data-id=\"d7e9c72\" data-element_type=\"widget\" data-widget_type=\"text-editor.default\">\n\t\t\t\t<div class=\"elementor-widget-container\">\n\t\t\t\t\t\t\t<h2>Qu\u2019est-ce que l\u2019entra\u00eenement mental ?<\/h2><p>L\u2019entra\u00eenement mental consiste en un travail syst\u00e9matique sur les pens\u00e9es, les sentiments et les attitudes. Il implique de s\u2019exercer \u00e0 penser avec plus de clart\u00e9, \u00e0 ma\u00eetriser ses \u00e9motions et \u00e0 d\u00e9velopper sa conscience de soi. En perfectionnant ces comp\u00e9tences, il devient possible de g\u00e9rer le stress et de faire face aux situations difficiles.<\/p><p>L\u2019entra\u00eenement mental ne se contente pas de modeler les pens\u00e9es et les \u00e9motions ; il influence activement la structure et le fonctionnement du cerveau. Lorsque vous pratiquez des techniques telles que la visualisation ou l\u2019entra\u00eenement de l\u2019attention, des voies neuronales sp\u00e9cifiques sont activ\u00e9es et renforc\u00e9es \u2014 un processus connu sous le nom de neuroplasticit\u00e9. Des r\u00e9gions telles que le cortex pr\u00e9frontal (responsable de la planification et de la prise de d\u00e9cision), l\u2019hippocampe (li\u00e9 \u00e0 la m\u00e9moire) et l\u2019amygdale (associ\u00e9e \u00e0 la r\u00e9gulation \u00e9motionnelle) gagnent souvent en efficacit\u00e9 et en interconnexion.<\/p><h2>Comment s\u2019exercer ?<\/h2><p>Simplifions cet entra\u00eenement en quatre techniques fondamentales : les strat\u00e9gies de d\u00e9finition d\u2019objectifs, les techniques de relaxation, le dialogue int\u00e9rieur positif et la visualisation.<\/p><h4>\u2014 La d\u00e9finition d\u2019objectifs.<\/h4><p>Une certaine prise de conscience est n\u00e9cessaire au moment de choisir ses buts, ses objectifs et ses t\u00e2ches. Le recours non seulement \u00e0 des objectifs de r\u00e9sultat (chiffres, performances finales), mais aussi \u00e0 des objectifs de processus et de performance, apporte une dimension suppl\u00e9mentaire pour rester ancr\u00e9 dans le pr\u00e9sent et maintenir un haut niveau de performance. Si l\u2019exigence de d\u00e9veloppement personnel est forte au sein des cultures ax\u00e9es sur la performance, nous devons, en tant qu\u2019individus, veiller \u00e9galement \u00e0 pr\u00e9server notre sant\u00e9. Nous pouvons y parvenir en nous fixant des objectifs relatifs \u00e0 nos temps de repos et de r\u00e9cup\u00e9ration, ou en d\u00e9finissant des t\u00e2ches plus sp\u00e9cifiquement corporelles \u00e0 r\u00e9aliser, par exemple, avant une r\u00e9union. Il peut s\u2019agir de se dire : \u00ab Je pratique la respiration abdominale avant et apr\u00e8s\u2026 \u00bb ou encore : \u00ab Je sens mes pieds bien ancr\u00e9s au sol avant de prendre la parole \u00bb. L\u2019enjeu consiste \u00e0 d\u00e9finir de petites t\u00e2ches qui auront un impact majeur sur notre quotidien.<\/p>\t\t\t\t\t\t<\/div>\n\t\t\t\t<\/div>\n\t\t\t\t<div class=\"elementor-element elementor-element-ee006d7 elementor-widget elementor-widget-image\" data-id=\"ee006d7\" data-element_type=\"widget\" data-widget_type=\"image.default\">\n\t\t\t\t<div class=\"elementor-widget-container\">\n\t\t\t\t\t\t\t\t\t\t\t\t\t\t\t<img decoding=\"async\" src=\"http:\/\/3.65.75.14\/wp-content\/uploads\/elementor\/thumbs\/10-1-rm2zgc442p99y9jx48e9z9oarddo1vfbus2rkvfpo8.png\" title=\"10.png\" alt=\"10.png\" loading=\"lazy\" \/>\t\t\t\t\t\t\t\t\t\t\t\t\t\t\t<\/div>\n\t\t\t\t<\/div>\n\t\t\t\t<div class=\"elementor-element elementor-element-bb18186 elementor-widget elementor-widget-heading\" data-id=\"bb18186\" data-element_type=\"widget\" data-widget_type=\"heading.default\">\n\t\t\t\t<div class=\"elementor-widget-container\">\n\t\t\t<p class=\"elementor-heading-title elementor-size-default\">\u00a9Canva photo<\/p>\t\t<\/div>\n\t\t\t\t<\/div>\n\t\t\t\t<div class=\"elementor-element elementor-element-2b4e653 elementor-widget elementor-widget-text-editor\" data-id=\"2b4e653\" data-element_type=\"widget\" data-widget_type=\"text-editor.default\">\n\t\t\t\t<div class=\"elementor-widget-container\">\n\t\t\t\t\t\t\t<h4>\u2014 La relaxation.<\/h4><p>Dans le domaine sportif, nous enseignons aux athl\u00e8tes \u00e0 se d\u00e9tendre dans des situations exigeantes ou \u00e0 d\u00e9velopper une conscience de leur propre corps afin de pouvoir ex\u00e9cuter une technique sp\u00e9cifique \u00e0 leur discipline. Nous pouvons utiliser des questions telles que : \u00ab Mon visage est-il d\u00e9tendu ? \u00bb ou \u00ab Mes \u00e9paules sont-elles bien plac\u00e9es ? \u00bb pour rediriger l&rsquo;attention de l&rsquo;esprit vers le corps. Cela peut faire toute la diff\u00e9rence dans de nombreuses situations.<\/p><p>La diff\u00e9rence est consid\u00e9rable entre la respiration thoracique \u2014 qui peut me donner une apparence stress\u00e9e ou accro\u00eetre mon niveau de stress (augmentation du cortisol, acc\u00e9l\u00e9ration du rythme cardiaque) \u2014 et la respiration abdominale, qui permet de m&rsquo;ancrer et de me d\u00e9tendre.<\/p><p>Un souvenir me revient en m\u00e9moire. Lors de ma premi\u00e8re comp\u00e9tition aux Jeux olympiques, j&rsquo;ai utilis\u00e9 un programme de relaxation au moins deux fois avant le d\u00e9but du match. Ce matin-l\u00e0, durant le trajet en bus vers l&rsquo;ar\u00e8ne, j&rsquo;avais le son de ce programme de relaxation dans les oreilles. Il a apais\u00e9 mon esprit, d\u00e9tendu mes muscles et m&rsquo;a accompagn\u00e9 durablement tout au long de la comp\u00e9tition. C&rsquo;est ce qui en a fait une r\u00e9ussite.<\/p><p>L&rsquo;utilisation de musique ou d&rsquo;applications de m\u00e9ditation est utile, mais vous pouvez \u00e9galement \u00e9tudier et apprendre la \u00ab relaxation progressive \u00bb. Il s&rsquo;agit d&rsquo;une technique assez ancienne, mais tr\u00e8s \u00e9labor\u00e9e. Renseignez-vous \u00e0 son sujet si vous souhaitez en acqu\u00e9rir les bases d\u00e8s le d\u00e9part. Une autre solution consiste \u00e0 trouver un bon professeur de yoga. Gr\u00e2ce au yoga, nous pouvons explorer la mani\u00e8re dont la respiration favorise la d\u00e9tente et transforme une situation donn\u00e9e.<\/p><h4>&#8211; Dialogue int\u00e9rieur et discours interne strat\u00e9gique.<\/h4><p>Le dialogue int\u00e9rieur est une m\u00e9thode \u00e9prouv\u00e9e de gestion de la pens\u00e9e, visant \u00e0 maintenir une concentration claire et \u00e0 suivre des strat\u00e9gies et des plans de r\u00e9flexion pr\u00e9d\u00e9finis. L&rsquo;objectif est de cultiver un \u00e9tat d&rsquo;esprit et un ressenti positifs.<\/p><p>Entretenir un dialogue int\u00e9rieur positif \u2014 par opposition \u00e0 un dialogue n\u00e9gatif \u2014 suscite des \u00e9motions radicalement diff\u00e9rentes. Lorsque l&rsquo;on \u00e9voque ce discours interne, on fait r\u00e9f\u00e9rence \u00e0 des phrases positives, \u00e0 des mots-cl\u00e9s ou \u00e0 des affirmations (ce que l&rsquo;on appelle des \u00ab phrases de soutien \u00bb).<\/p><p>Les phrases de soutien sont des \u00e9nonc\u00e9s qui permettent de canaliser l&rsquo;attention et de ma\u00eetriser le flux des pens\u00e9es. Si vous d\u00e9cidez de formuler vos propres phrases, celles-ci doivent \u00eatre personnelles, positives et conjugu\u00e9es au pr\u00e9sent. Par exemple : \u00ab Je suis parfaitement pr\u00e9par\u00e9 et je reste solide ! \u00bb<\/p><p>Exemple de dialogue int\u00e9rieur : tout d&rsquo;abord, un exemple plut\u00f4t n\u00e9gatif : \u00ab Mon c\u0153ur bat la chamade ; cela ne va pas bien se passer. \u00bb Une alternative bien plus efficace serait : \u00ab Je d\u00e9borde d&rsquo;\u00e9nergie et de motivation ; je suis concentr\u00e9 et pr\u00eat \u00e0 me lancer. \u00bb<\/p><h4>&#8211; Visualisation.<\/h4><p>La visualisation consiste \u00e0 cr\u00e9er des images mentales afin de se pr\u00e9parer \u00e0 des situations stressantes ou exigeantes, et d&rsquo;apprendre \u00e0 les g\u00e9rer.<\/p><p>C&rsquo;est un outil puissant qui permet de r\u00e9p\u00e9ter mentalement des actions, en s&rsquo;imaginant les ex\u00e9cuter \u00e0 la perfection. Cette technique renforce les connexions neuronales et aide le cerveau ainsi que le corps \u00e0 se pr\u00e9parer \u00e0 la performance r\u00e9elle.<\/p><p>Lorsque vous visualisez, vous cr\u00e9ez des images mentales de situations, d&rsquo;actions ou de r\u00e9sultats que vous souhaitez voir se concr\u00e9tiser. \u00ab Ce que vous visualisez, c&rsquo;est ce que vous obtenez \u00bb : cette expression bien connue r\u00e9sume parfaitement l&rsquo;issue de cet entra\u00eenement. Si vous vous projetez dans l&rsquo;\u00e9chec ou l&rsquo;impr\u00e9cision, c&rsquo;est pr\u00e9cis\u00e9ment ce que vous risquez d&rsquo;obtenir. \u00c0 l&rsquo;inverse, si vous vous imaginez r\u00e9ussir brillamment sur sc\u00e8ne ou lors d&rsquo;une r\u00e9union professionnelle, la visualisation vous aidera bel et bien \u00e0 atteindre cet objectif.<\/p><p>La visualisation peut \u00e9galement vous aider \u00e0 chasser les pens\u00e9es n\u00e9gatives et les peurs en les rempla\u00e7ant par des images constructives et orient\u00e9es vers votre objectif. Attention toutefois : une br\u00e8ve s\u00e9ance sur le canap\u00e9, \u00e0 moiti\u00e9 endormi, ne suffit pas. Il est imp\u00e9ratif de travailler ces images cibl\u00e9es de mani\u00e8re constructive et d\u00e9lib\u00e9r\u00e9e \u2014 id\u00e9alement chaque jour, et ce, sur une p\u00e9riode de plusieurs mois.<\/p><div><h2>R\u00e9sum\u00e9<\/h2><p>Le monde de la comp\u00e9tition et de la performance pr\u00e9sente parfois des d\u00e9fis de taille ; lorsque les choses se corsent vraiment, gardons \u00e0 l&rsquo;esprit que la vie est avant tout un terrain d&rsquo;apprentissage ! Au fil de nos exp\u00e9riences, nous nous exer\u00e7ons \u00e0 mieux g\u00e9rer les d\u00e9fis, les contraintes de temps et l&rsquo;adversit\u00e9. Pour rester concentr\u00e9 tout en y prenant plaisir, il est b\u00e9n\u00e9fique d&rsquo;\u00e9voluer au sein d&rsquo;une culture saine, entour\u00e9 de personnes sur lesquelles on peut s&rsquo;appuyer en cas de besoin.<\/p><p>Le parcours, qu&rsquo;il soit sportif ou professionnel, ne se vit pas de la m\u00eame mani\u00e8re pour chacun. Le manque de confiance en soi ou certaines exp\u00e9riences pass\u00e9es peuvent rendre difficile le fait de pers\u00e9v\u00e9rer dans cette voie. Nous savons \u00e9galement qu&rsquo;il est exigeant de se maintenir en \u00e9quilibre aux fronti\u00e8res de ce qui est r\u00e9alisable. Une stagnation inexpliqu\u00e9e ou une contre-performance peuvent survenir ais\u00e9ment, constituant alors un d\u00e9fi de taille tant pour les dirigeants et les employ\u00e9s que pour les entra\u00eeneurs et les athl\u00e8tes.<\/p><p>Une pr\u00e9sence intentionnelle \u2014 cultiv\u00e9e notamment par le biais de la pr\u00e9paration mentale \u2014 ne se contente pas d&rsquo;am\u00e9liorer notre propre bien-\u00eatre ; elle exerce \u00e9galement une influence positive sur notre entourage, favorisant ainsi l&rsquo;\u00e9mergence d&rsquo;un environnement plus serein et plus connect\u00e9.<\/p><p>Je vous souhaite le meilleur pour la suite de votre parcours !<\/p><p>Anne<\/p><\/div>\t\t\t\t\t\t<\/div>\n\t\t\t\t<\/div>\n\t\t\t\t\t<\/div>\n\t\t<\/div>\n\t\t\t\t\t\t\t<\/div>\n\t\t<\/section>\n\t\t\t\t\t\t\t<\/div>\n\t\t","protected":false},"excerpt":{"rendered":"<p>L&rsquo;entra\u00eenement mental dans le sport et les affaires.<br \/>\nEt si la pr\u00e9paration la plus importante commen\u00e7ait dans votre esprit, bien avant m\u00eame que vous ne franchissiez les portes de la salle du conseil ou de la r\u00e9union avec vos collaborateurs ?!<\/p>\n","protected":false},"author":63,"featured_media":30452,"comment_status":"open","ping_status":"open","sticky":false,"template":"","format":"standard","meta":{"_acf_changed":false,"inline_featured_image":false,"footnotes":""},"categories":[138],"tags":[],"acf":{"minimum_read":"8 mins"},"yoast_head":"<!-- This site is optimized with the Yoast SEO plugin v22.5 - https:\/\/yoast.com\/wordpress\/plugins\/seo\/ -->\n<title>S&#8217;entra\u00eener pour performer - SheSkillzGlobal<\/title>\n<meta name=\"robots\" content=\"index, follow, max-snippet:-1, max-image-preview:large, max-video-preview:-1\" \/>\n<link rel=\"canonical\" href=\"http:\/\/3.65.75.14\/fr\/anja-ilic-une-skieuse-de-fond-serbe-inspirante-aux-jeux-olympiques-dhiver-de-2026\/\" \/>\n<meta property=\"og:locale\" content=\"fr_FR\" \/>\n<meta property=\"og:type\" content=\"article\" \/>\n<meta property=\"og:title\" content=\"S&#8217;entra\u00eener pour performer - SheSkillzGlobal\" \/>\n<meta property=\"og:description\" content=\"L&#039;entra\u00eenement mental dans le sport et les affaires. Et si la pr\u00e9paration la plus importante commen\u00e7ait dans votre esprit, bien avant m\u00eame que vous ne franchissiez les portes de la salle du conseil ou de la r\u00e9union avec vos collaborateurs ?!\" \/>\n<meta property=\"og:url\" content=\"http:\/\/3.65.75.14\/fr\/anja-ilic-une-skieuse-de-fond-serbe-inspirante-aux-jeux-olympiques-dhiver-de-2026\/\" \/>\n<meta property=\"og:site_name\" content=\"SheSkillzGlobal\" \/>\n<meta property=\"article:published_time\" content=\"2026-04-14T10:15:09+00:00\" \/>\n<meta property=\"article:modified_time\" content=\"2026-04-16T10:26:09+00:00\" \/>\n<meta property=\"og:image\" content=\"https:\/\/www.sheskillzglobal.com\/wp-content\/uploads\/2026\/04\/anne-grethe-cover-.jpg\" \/>\n\t<meta property=\"og:image:width\" content=\"1920\" \/>\n\t<meta property=\"og:image:height\" content=\"1080\" \/>\n\t<meta property=\"og:image:type\" content=\"image\/jpeg\" \/>\n<meta name=\"author\" content=\"Anne Grethe Jeppesen\" \/>\n<meta name=\"twitter:card\" content=\"summary_large_image\" \/>\n<meta name=\"twitter:label1\" content=\"\u00c9crit par\" \/>\n\t<meta name=\"twitter:data1\" content=\"Anne Grethe Jeppesen\" \/>\n\t<meta name=\"twitter:label2\" content=\"Dur\u00e9e de lecture estim\u00e9e\" \/>\n\t<meta name=\"twitter:data2\" content=\"9 minutes\" \/>\n<script type=\"application\/ld+json\" class=\"yoast-schema-graph\">{\"@context\":\"https:\/\/schema.org\",\"@graph\":[{\"@type\":\"WebPage\",\"@id\":\"http:\/\/3.65.75.14\/fr\/anja-ilic-une-skieuse-de-fond-serbe-inspirante-aux-jeux-olympiques-dhiver-de-2026\/\",\"url\":\"http:\/\/3.65.75.14\/fr\/anja-ilic-une-skieuse-de-fond-serbe-inspirante-aux-jeux-olympiques-dhiver-de-2026\/\",\"name\":\"S&#8217;entra\u00eener pour performer - SheSkillzGlobal\",\"isPartOf\":{\"@id\":\"https:\/\/www.sheskillzglobal.com\/#website\"},\"primaryImageOfPage\":{\"@id\":\"http:\/\/3.65.75.14\/fr\/anja-ilic-une-skieuse-de-fond-serbe-inspirante-aux-jeux-olympiques-dhiver-de-2026\/#primaryimage\"},\"image\":{\"@id\":\"http:\/\/3.65.75.14\/fr\/anja-ilic-une-skieuse-de-fond-serbe-inspirante-aux-jeux-olympiques-dhiver-de-2026\/#primaryimage\"},\"thumbnailUrl\":\"http:\/\/3.65.75.14\/wp-content\/uploads\/2026\/04\/anne-grethe-cover-.jpg\",\"datePublished\":\"2026-04-14T10:15:09+00:00\",\"dateModified\":\"2026-04-16T10:26:09+00:00\",\"author\":{\"@id\":\"https:\/\/www.sheskillzglobal.com\/#\/schema\/person\/fb4d4a76f77139e6cafb9bb6ff05b88d\"},\"breadcrumb\":{\"@id\":\"http:\/\/3.65.75.14\/fr\/anja-ilic-une-skieuse-de-fond-serbe-inspirante-aux-jeux-olympiques-dhiver-de-2026\/#breadcrumb\"},\"inLanguage\":\"fr-FR\",\"potentialAction\":[{\"@type\":\"ReadAction\",\"target\":[\"http:\/\/3.65.75.14\/fr\/anja-ilic-une-skieuse-de-fond-serbe-inspirante-aux-jeux-olympiques-dhiver-de-2026\/\"]}]},{\"@type\":\"ImageObject\",\"inLanguage\":\"fr-FR\",\"@id\":\"http:\/\/3.65.75.14\/fr\/anja-ilic-une-skieuse-de-fond-serbe-inspirante-aux-jeux-olympiques-dhiver-de-2026\/#primaryimage\",\"url\":\"http:\/\/3.65.75.14\/wp-content\/uploads\/2026\/04\/anne-grethe-cover-.jpg\",\"contentUrl\":\"http:\/\/3.65.75.14\/wp-content\/uploads\/2026\/04\/anne-grethe-cover-.jpg\",\"width\":1920,\"height\":1080,\"caption\":\"\u00a9 PHOTO: Private Photo\"},{\"@type\":\"BreadcrumbList\",\"@id\":\"http:\/\/3.65.75.14\/fr\/anja-ilic-une-skieuse-de-fond-serbe-inspirante-aux-jeux-olympiques-dhiver-de-2026\/#breadcrumb\",\"itemListElement\":[{\"@type\":\"ListItem\",\"position\":1,\"name\":\"Home\",\"item\":\"https:\/\/www.sheskillzglobal.com\/fr\/\"},{\"@type\":\"ListItem\",\"position\":2,\"name\":\"S&#8217;entra\u00eener pour performer\"}]},{\"@type\":\"WebSite\",\"@id\":\"https:\/\/www.sheskillzglobal.com\/#website\",\"url\":\"https:\/\/www.sheskillzglobal.com\/\",\"name\":\"SheSkillzGlobal\",\"description\":\"Owned by Johnsenskillz AG\",\"potentialAction\":[{\"@type\":\"SearchAction\",\"target\":{\"@type\":\"EntryPoint\",\"urlTemplate\":\"https:\/\/www.sheskillzglobal.com\/?s={search_term_string}\"},\"query-input\":\"required name=search_term_string\"}],\"inLanguage\":\"fr-FR\"},{\"@type\":\"Person\",\"@id\":\"https:\/\/www.sheskillzglobal.com\/#\/schema\/person\/fb4d4a76f77139e6cafb9bb6ff05b88d\",\"name\":\"Anne Grethe Jeppesen\",\"image\":{\"@type\":\"ImageObject\",\"inLanguage\":\"fr-FR\",\"@id\":\"https:\/\/www.sheskillzglobal.com\/#\/schema\/person\/image\/\",\"url\":\"http:\/\/www.sheskillzglobal.com\/wp-content\/uploads\/2026\/04\/8-1.png\",\"contentUrl\":\"http:\/\/www.sheskillzglobal.com\/wp-content\/uploads\/2026\/04\/8-1.png\",\"caption\":\"Anne Grethe Jeppesen\"},\"description\":\"Board Chair &amp; Sports Coach, SheSkillz Global Mentor\",\"url\":\"http:\/\/3.65.75.14\/fr\/author\/anne-grethe-jeppesen\/\"}]}<\/script>\n<!-- \/ Yoast SEO plugin. -->","yoast_head_json":{"title":"S&#8217;entra\u00eener pour performer - SheSkillzGlobal","robots":{"index":"index","follow":"follow","max-snippet":"max-snippet:-1","max-image-preview":"max-image-preview:large","max-video-preview":"max-video-preview:-1"},"canonical":"http:\/\/3.65.75.14\/fr\/anja-ilic-une-skieuse-de-fond-serbe-inspirante-aux-jeux-olympiques-dhiver-de-2026\/","og_locale":"fr_FR","og_type":"article","og_title":"S&#8217;entra\u00eener pour performer - SheSkillzGlobal","og_description":"L'entra\u00eenement mental dans le sport et les affaires. Et si la pr\u00e9paration la plus importante commen\u00e7ait dans votre esprit, bien avant m\u00eame que vous ne franchissiez les portes de la salle du conseil ou de la r\u00e9union avec vos collaborateurs ?!","og_url":"http:\/\/3.65.75.14\/fr\/anja-ilic-une-skieuse-de-fond-serbe-inspirante-aux-jeux-olympiques-dhiver-de-2026\/","og_site_name":"SheSkillzGlobal","article_published_time":"2026-04-14T10:15:09+00:00","article_modified_time":"2026-04-16T10:26:09+00:00","og_image":[{"width":1920,"height":1080,"url":"https:\/\/www.sheskillzglobal.com\/wp-content\/uploads\/2026\/04\/anne-grethe-cover-.jpg","type":"image\/jpeg"}],"author":"Anne Grethe Jeppesen","twitter_card":"summary_large_image","twitter_misc":{"\u00c9crit par":"Anne Grethe Jeppesen","Dur\u00e9e de lecture estim\u00e9e":"9 minutes"},"schema":{"@context":"https:\/\/schema.org","@graph":[{"@type":"WebPage","@id":"http:\/\/3.65.75.14\/fr\/anja-ilic-une-skieuse-de-fond-serbe-inspirante-aux-jeux-olympiques-dhiver-de-2026\/","url":"http:\/\/3.65.75.14\/fr\/anja-ilic-une-skieuse-de-fond-serbe-inspirante-aux-jeux-olympiques-dhiver-de-2026\/","name":"S&#8217;entra\u00eener pour performer - SheSkillzGlobal","isPartOf":{"@id":"https:\/\/www.sheskillzglobal.com\/#website"},"primaryImageOfPage":{"@id":"http:\/\/3.65.75.14\/fr\/anja-ilic-une-skieuse-de-fond-serbe-inspirante-aux-jeux-olympiques-dhiver-de-2026\/#primaryimage"},"image":{"@id":"http:\/\/3.65.75.14\/fr\/anja-ilic-une-skieuse-de-fond-serbe-inspirante-aux-jeux-olympiques-dhiver-de-2026\/#primaryimage"},"thumbnailUrl":"http:\/\/3.65.75.14\/wp-content\/uploads\/2026\/04\/anne-grethe-cover-.jpg","datePublished":"2026-04-14T10:15:09+00:00","dateModified":"2026-04-16T10:26:09+00:00","author":{"@id":"https:\/\/www.sheskillzglobal.com\/#\/schema\/person\/fb4d4a76f77139e6cafb9bb6ff05b88d"},"breadcrumb":{"@id":"http:\/\/3.65.75.14\/fr\/anja-ilic-une-skieuse-de-fond-serbe-inspirante-aux-jeux-olympiques-dhiver-de-2026\/#breadcrumb"},"inLanguage":"fr-FR","potentialAction":[{"@type":"ReadAction","target":["http:\/\/3.65.75.14\/fr\/anja-ilic-une-skieuse-de-fond-serbe-inspirante-aux-jeux-olympiques-dhiver-de-2026\/"]}]},{"@type":"ImageObject","inLanguage":"fr-FR","@id":"http:\/\/3.65.75.14\/fr\/anja-ilic-une-skieuse-de-fond-serbe-inspirante-aux-jeux-olympiques-dhiver-de-2026\/#primaryimage","url":"http:\/\/3.65.75.14\/wp-content\/uploads\/2026\/04\/anne-grethe-cover-.jpg","contentUrl":"http:\/\/3.65.75.14\/wp-content\/uploads\/2026\/04\/anne-grethe-cover-.jpg","width":1920,"height":1080,"caption":"\u00a9 PHOTO: Private Photo"},{"@type":"BreadcrumbList","@id":"http:\/\/3.65.75.14\/fr\/anja-ilic-une-skieuse-de-fond-serbe-inspirante-aux-jeux-olympiques-dhiver-de-2026\/#breadcrumb","itemListElement":[{"@type":"ListItem","position":1,"name":"Home","item":"https:\/\/www.sheskillzglobal.com\/fr\/"},{"@type":"ListItem","position":2,"name":"S&#8217;entra\u00eener pour performer"}]},{"@type":"WebSite","@id":"https:\/\/www.sheskillzglobal.com\/#website","url":"https:\/\/www.sheskillzglobal.com\/","name":"SheSkillzGlobal","description":"Owned by Johnsenskillz AG","potentialAction":[{"@type":"SearchAction","target":{"@type":"EntryPoint","urlTemplate":"https:\/\/www.sheskillzglobal.com\/?s={search_term_string}"},"query-input":"required name=search_term_string"}],"inLanguage":"fr-FR"},{"@type":"Person","@id":"https:\/\/www.sheskillzglobal.com\/#\/schema\/person\/fb4d4a76f77139e6cafb9bb6ff05b88d","name":"Anne Grethe Jeppesen","image":{"@type":"ImageObject","inLanguage":"fr-FR","@id":"https:\/\/www.sheskillzglobal.com\/#\/schema\/person\/image\/","url":"http:\/\/www.sheskillzglobal.com\/wp-content\/uploads\/2026\/04\/8-1.png","contentUrl":"http:\/\/www.sheskillzglobal.com\/wp-content\/uploads\/2026\/04\/8-1.png","caption":"Anne Grethe Jeppesen"},"description":"Board Chair &amp; Sports Coach, SheSkillz Global Mentor","url":"http:\/\/3.65.75.14\/fr\/author\/anne-grethe-jeppesen\/"}]}},"wpml_translations":{"canonical_id":"118823","translations":{"de":{"id":"30449","slug":"anja-ilic-inspirierende-serbische-skilanglauferin-bei-den-olympischen-winterspielen-2026","link":"http:\/\/3.65.75.14\/de\/anja-ilic-inspirierende-serbische-skilanglauferin-bei-den-olympischen-winterspielen-2026\/"},"en":{"id":"30448","slug":"practice-to-perform","link":"http:\/\/3.65.75.14\/practice-to-perform\/"},"fr":{"id":"30450","slug":"anja-ilic-une-skieuse-de-fond-serbe-inspirante-aux-jeux-olympiques-dhiver-de-2026","link":"http:\/\/3.65.75.14\/fr\/anja-ilic-une-skieuse-de-fond-serbe-inspirante-aux-jeux-olympiques-dhiver-de-2026\/"}}},"_links":{"self":[{"href":"http:\/\/3.65.75.14\/fr\/wp-json\/wp\/v2\/posts\/30450"}],"collection":[{"href":"http:\/\/3.65.75.14\/fr\/wp-json\/wp\/v2\/posts"}],"about":[{"href":"http:\/\/3.65.75.14\/fr\/wp-json\/wp\/v2\/types\/post"}],"author":[{"embeddable":true,"href":"http:\/\/3.65.75.14\/fr\/wp-json\/wp\/v2\/users\/63"}],"replies":[{"embeddable":true,"href":"http:\/\/3.65.75.14\/fr\/wp-json\/wp\/v2\/comments?post=30450"}],"version-history":[{"count":14,"href":"http:\/\/3.65.75.14\/fr\/wp-json\/wp\/v2\/posts\/30450\/revisions"}],"predecessor-version":[{"id":30582,"href":"http:\/\/3.65.75.14\/fr\/wp-json\/wp\/v2\/posts\/30450\/revisions\/30582"}],"wp:featuredmedia":[{"embeddable":true,"href":"http:\/\/3.65.75.14\/fr\/wp-json\/wp\/v2\/media\/30452"}],"wp:attachment":[{"href":"http:\/\/3.65.75.14\/fr\/wp-json\/wp\/v2\/media?parent=30450"}],"wp:term":[{"taxonomy":"category","embeddable":true,"href":"http:\/\/3.65.75.14\/fr\/wp-json\/wp\/v2\/categories?post=30450"},{"taxonomy":"post_tag","embeddable":true,"href":"http:\/\/3.65.75.14\/fr\/wp-json\/wp\/v2\/tags?post=30450"}],"curies":[{"name":"wp","href":"https:\/\/api.w.org\/{rel}","templated":true}]}}